{"id":1440,"date":"2026-08-22T12:47:25","date_gmt":"2026-08-22T10:47:25","guid":{"rendered":"https:\/\/icf.church\/altdorf\/?p=1440"},"modified":"2026-08-22T13:04:59","modified_gmt":"2026-08-22T11:04:59","slug":"grand-opening","status":"publish","type":"post","link":"https:\/\/icf.church\/altdorf\/de\/grand-opening\/","title":{"rendered":"Grand Opening"},"content":{"rendered":"<div class=\"mw-100\">\n      <figure id=\"block-1\">\n      <div class=\"img-wrap\" style=\"max-width:100%\">\n        <img decoding=\"async\" src=\"https:\/\/icf.church\/altdorf\/wp-content\/uploads\/sites\/136\/2026\/08\/20230305_grand_opening-626x1024.jpeg\" alt=\"\" loading=\"lazy\" title=\"\" class=\"img-fluid w-100 h-100 rounded object-fit-cover\" style=\"object-position: center center\" \/>\n      <\/div>\n          <\/figure>\n    <\/div>","protected":false},"excerpt":{"rendered":"<p>05. M\u00e4rz 2023: Die evangelische Freikirche ICF Altdorf lud zum gro\u00dfen \u201eGrand Opening\u201c ein \u2013 und rund 200 Besucher kamen, um das f\u00fcnfj\u00e4hrige Bestehen mit Musik, Gemeinschaft und R\u00fcckblicken auf 38 Jahre Geschichte zu feiern.<\/p>\n","protected":false},"author":187,"featured_media":1230,"comment_status":"closed","ping_status":"closed","sticky":false,"template":"","format":"standard","meta":{"_acf_changed":false,"_seopress_titles_title":"","_seopress_titles_desc":"","_seopress_robots_index":"","_seopress_robots_follow":"","_seopress_robots_imageindex":"","_seopress_robots_snippet":"","_seopress_robots_primary_cat":"","_seopress_robots_breadcrumbs":"","_seopress_robots_freeze_modified_date":"","_seopress_robots_custom_modified_date":"","_seopress_robots_canonical":"","_seopress_social_fb_title":"","_seopress_social_fb_desc":"","_seopress_social_fb_img":"","_seopress_social_fb_img_attachment_id":0,"_seopress_social_fb_img_width":0,"_seopress_social_fb_img_height":0,"_seopress_social_twitter_title":"","_seopress_social_twitter_desc":"","_seopress_social_twitter_img":"","_seopress_social_twitter_img_attachment_id":0,"_seopress_social_twitter_img_width":0,"_seopress_social_twitter_img_height":0,"_seopress_redirections_value":"","_seopress_redirections_enabled":"","_seopress_redirections_enabled_regex":"","_seopress_redirections_logged_status":"","_seopress_redirections_param":"","_seopress_redirections_type":0,"_seopress_analysis_target_kw":"","_seopress_news_disabled":"","_seopress_video_disabled":"","_seopress_video":[],"_seopress_pro_schemas_manual":[],"_seopress_pro_rich_snippets_disable_all":"","_seopress_pro_rich_snippets_disable":[],"_seopress_pro_schemas":[],"yt_custom_styles_scss":"","yt_custom_styles_rounded_corners":false,"yt_custom_styles_color_scheme":"","footnotes":""},"categories":[1,17],"tags":[],"class_list":["post-1440","post","type-post","status-publish","format-standard","has-post-thumbnail","hentry","category-example","category-zeitungsbericht"],"acf":[],"_links":{"self":[{"href":"https:\/\/icf.church\/altdorf\/de\/wp-json\/wp\/v2\/posts\/1440","targetHints":{"allow":["GET"]}}],"collection":[{"href":"https:\/\/icf.church\/altdorf\/de\/wp-json\/wp\/v2\/posts"}],"about":[{"href":"https:\/\/icf.church\/altdorf\/de\/wp-json\/wp\/v2\/types\/post"}],"author":[{"embeddable":true,"href":"https:\/\/icf.church\/altdorf\/de\/wp-json\/wp\/v2\/users\/187"}],"replies":[{"embeddable":true,"href":"https:\/\/icf.church\/altdorf\/de\/wp-json\/wp\/v2\/comments?post=1440"}],"version-history":[{"count":2,"href":"https:\/\/icf.church\/altdorf\/de\/wp-json\/wp\/v2\/posts\/1440\/revisions"}],"predecessor-version":[{"id":1456,"href":"https:\/\/icf.church\/altdorf\/de\/wp-json\/wp\/v2\/posts\/1440\/revisions\/1456"}],"wp:featuredmedia":[{"embeddable":true,"href":"https:\/\/icf.church\/altdorf\/de\/wp-json\/wp\/v2\/media\/1230"}],"wp:attachment":[{"href":"https:\/\/icf.church\/altdorf\/de\/wp-json\/wp\/v2\/media?parent=1440"}],"wp:term":[{"taxonomy":"category","embeddable":true,"href":"https:\/\/icf.church\/altdorf\/de\/wp-json\/wp\/v2\/categories?post=1440"},{"taxonomy":"post_tag","embeddable":true,"href":"https:\/\/icf.church\/altdorf\/de\/wp-json\/wp\/v2\/tags?post=1440"}],"curies":[{"name":"wp","href":"https:\/\/api.w.org\/{rel}","templated":true}]}}