{"id":1549,"date":"2026-05-06T19:43:09","date_gmt":"2026-05-06T17:43:09","guid":{"rendered":"https:\/\/icf.church\/geneve\/?p=1549"},"modified":"2026-05-06T19:43:11","modified_gmt":"2026-05-06T17:43:11","slug":"notre-confession-de-foi","status":"publish","type":"post","link":"https:\/\/icf.church\/geneve\/fr\/notre-confession-de-foi\/","title":{"rendered":"Notre confession de foi"},"content":{"rendered":"<div id=\"block-2\" class=\"pt-2 pb-2 alignfull is-layout-constrained\">\n  <div>\n            <div class=\"row gx-4 gy-4 \">\n          \n\n<div id=\"block-1\" class=\"col wp-block-yellowtree-column col-12 d-flex flex-column with-streched-height-children align-items-stretch align-items-md-stretch\">\n  <\/div>\n        <\/div>\n          <\/div>\n<\/div>\n\n<div class=\"mw-100\">\n      <figure id=\"block-3\">\n      <div class=\"img-wrap\" style=\"max-width:100%\">\n        <img decoding=\"async\" src=\"https:\/\/icf.church\/geneve\/wp-content\/uploads\/sites\/121\/2026\/05\/180747_241230_jfc_hannes-n_112-edited-scaled.jpg\" alt=\"\" loading=\"lazy\" title=\"\" srcset=\"https:\/\/icf.church\/geneve\/wp-content\/uploads\/sites\/121\/2026\/05\/180747_241230_jfc_hannes-n_112-edited-scaled.jpg 2560w, https:\/\/icf.church\/geneve\/wp-content\/uploads\/sites\/121\/2026\/05\/180747_241230_jfc_hannes-n_112-edited-300x169.jpg 300w, https:\/\/icf.church\/geneve\/wp-content\/uploads\/sites\/121\/2026\/05\/180747_241230_jfc_hannes-n_112-edited-1024x576.jpg 1024w, https:\/\/icf.church\/geneve\/wp-content\/uploads\/sites\/121\/2026\/05\/180747_241230_jfc_hannes-n_112-edited-768x432.jpg 768w, https:\/\/icf.church\/geneve\/wp-content\/uploads\/sites\/121\/2026\/05\/180747_241230_jfc_hannes-n_112-edited-1536x864.jpg 1536w, https:\/\/icf.church\/geneve\/wp-content\/uploads\/sites\/121\/2026\/05\/180747_241230_jfc_hannes-n_112-edited-2048x1152.jpg 2048w\" sizes=\"(max-width: 2560px) 100vw, 2560px\" class=\"img-fluid w-100 h-100 rounded object-fit-cover\" style=\"object-position: center center\" \/>\n      <\/div>\n              <figcaption class=\"figure-caption mt-1\">Teal cross with \u00ab\u00a0JESUS FIRST\u00a0\u00bb written on it in yellow letters.<\/figcaption>\n          <\/figure>\n    <\/div>\n\n<div id=\"block-5\" class=\"pt-2 pb-2 alignfull is-layout-constrained\">\n  <div>\n            <div class=\"row gx-4 gy-4 \">\n          \n\n<div id=\"block-4\" class=\"col wp-block-yellowtree-column col-12 d-flex flex-column with-streched-height-children align-items-stretch align-items-md-stretch\">\n  <\/div>\n        <\/div>\n          <\/div>\n<\/div>\n\n<h2 id=\"block-6\" class=\"h2 text-start\">\n  En tant qu\u2019, nous faisons partie de l\u2019\u00c9glise chr\u00e9tienne mondiale et partageons avec elle le Credo des Ap\u00f4tres.<br><br>Nous nous appuyons \u00e9galement sur l\u2019Engagement de Lausanne.<\/h2>\n\n<div id=\"block-8\" class=\"pt-2 pb-2 alignfull is-layout-constrained\">\n  <div>\n            <div class=\"row gx-4 gy-4 \">\n          \n\n<div id=\"block-7\" class=\"col wp-block-yellowtree-column col-12 d-flex flex-column with-streched-height-children align-items-stretch align-items-md-stretch\">\n  <\/div>\n        <\/div>\n          <\/div>\n<\/div>\n\n\n<div class=\"has-context-height\">\n  <article id=\"block-10\" data-bs-theme=\"dark\" class=\"wp-block-yellowtree-container-card card has-context-height\">\n    <div class=\"card-body\">\n      <h2 id=\"block-9\" class=\"h2 text-start\">\n  L\u2019histoire de Dieu avec nous, les humains<\/h2>    <\/div>\n  <\/article>\n<\/div>\n\n<div id=\"block-12\" class=\"pt-2 pb-2 alignfull is-layout-constrained\">\n  <div>\n            <div class=\"row gx-4 gy-4 \">\n          \n\n<div id=\"block-11\" class=\"col wp-block-yellowtree-column col-12 d-flex flex-column with-streched-height-children align-items-stretch align-items-md-stretch\">\n  <\/div>\n        <\/div>\n          <\/div>\n<\/div>\n\n<h3 id=\"block-13\" class=\"h3 text-start\">\n  Qui est Dieu ?<\/h3>\n\n<p id=\"block-14\" class=\"text-start wp-block-paragraph\">\n  Dieu est \u00e9ternel et tout-puissant. Il n\u2019a pas \u00e9t\u00e9 cr\u00e9\u00e9, mais il est l\u2019origine de l\u2019espace, du temps et de toute vie.<br>Et bien qu\u2019il n\u2019y ait qu\u2019un seul Dieu, il existe en trois personnes. Le P\u00e8re est le Cr\u00e9ateur de l\u2019univers. J\u00e9sus-Christ, le Fils de Dieu, s\u2019est fait homme pour sauver le monde. Le Saint-Esprit agit dans le monde et veut vivre en nous, nous accompagner et nous enseigner.<\/p>\n\n<div id=\"block-16\" class=\"pt-2 pb-2 alignfull is-layout-constrained\">\n  <div>\n            <div class=\"row gx-4 gy-4 \">\n          \n\n<div id=\"block-15\" class=\"col wp-block-yellowtree-column col-12 d-flex flex-column with-streched-height-children align-items-stretch align-items-md-stretch\">\n  <\/div>\n        <\/div>\n          <\/div>\n<\/div>\n\n<h3 id=\"block-17\" class=\"h3 text-start\">\n  Quel est le r\u00eave de Dieu ?<\/h3>\n\n<p id=\"block-18\" class=\"text-start wp-block-paragraph\">\n  Parce que Dieu est amour, il nous invite \u00e0 nous tourner vers lui et \u00e0 vivre une relation vivante avec lui.<br>Lorsque nous acceptons son invitation et entrons dans cette relation avec Dieu, nous devenons de plus en plus semblables \u00e0 lui par son action, et nous faisons l\u2019exp\u00e9rience d\u2019une v\u00e9ritable libert\u00e9 \u2014 maintenant et pour l\u2019\u00e9ternit\u00e9.<\/p>\n\n<div id=\"block-20\" class=\"pt-2 pb-2 alignfull is-layout-constrained\">\n  <div>\n            <div class=\"row gx-4 gy-4 \">\n          \n\n<div id=\"block-19\" class=\"col wp-block-yellowtree-column col-12 d-flex flex-column with-streched-height-children align-items-stretch align-items-md-stretch\">\n  <\/div>\n        <\/div>\n          <\/div>\n<\/div>\n\n<h3 id=\"block-21\" class=\"h3 text-start\">\n  Quel est le probl\u00e8me ?<\/h3>\n\n<p id=\"block-22\" class=\"text-start wp-block-paragraph\">\n  L\u2019\u00eatre humain s\u2019est \u00e9loign\u00e9 de Dieu et s\u2019est plac\u00e9 lui-m\u00eame \u00e0 la place de Dieu.<br>Au lieu de chercher ce que Dieu veut, il pr\u00e9f\u00e8re mettre ses propres int\u00e9r\u00eats au premier plan.<br>Ainsi, la relation de confiance entre Dieu et toute sa cr\u00e9ation a \u00e9t\u00e9 bris\u00e9e. Nous, les \u00eatres humains, sommes prisonniers de cette rupture \u2014 dans la m\u00e9fiance, l\u2019\u00e9go\u00efsme, l\u2019hostilit\u00e9 et des pens\u00e9es destructrices. Et nous ne pouvons pas nous lib\u00e9rer de cette captivit\u00e9 par nos propres forces.<\/p>\n\n<div id=\"block-24\" class=\"pt-2 pb-2 alignfull is-layout-constrained\">\n  <div>\n            <div class=\"row gx-4 gy-4 \">\n          \n\n<div id=\"block-23\" class=\"col wp-block-yellowtree-column col-12 d-flex flex-column with-streched-height-children align-items-stretch align-items-md-stretch\">\n  <\/div>\n        <\/div>\n          <\/div>\n<\/div>\n\n<h3 id=\"block-25\" class=\"h3 text-start\">\n  Quelle est la solution de Dieu ?<\/h3>\n\n<p id=\"block-26\" class=\"text-start wp-block-paragraph\">\n  Dieu a apport\u00e9 une r\u00e9ponse \u00e0 cette situation sans issue : J\u00e9sus-Christ est venu sur cette terre en naissant comme un homme.<br>Il a aim\u00e9 de mani\u00e8re radicale, redonn\u00e9 de la dignit\u00e9 aux personnes, et enseign\u00e9 comme v\u00e9cu les principes de Dieu.<br>J\u00e9sus a renonc\u00e9 \u00e0 tous ses privil\u00e8ges pour se faire notre serviteur.<br>Il est mort sur la croix pour porter tout ce qui nous s\u00e9pare de Dieu et nous accable : notre faute, notre honte, nos blessures et notre solitude.<br>La mort a \u00e9t\u00e9 vaincue par la r\u00e9surrection de J\u00e9sus. Gr\u00e2ce \u00e0 cela, nous sommes d\u00e9clar\u00e9s justes et pouvons vivre pour Dieu et dans sa mission.<\/p>\n\n<div id=\"block-28\" class=\"pt-2 pb-2 alignfull is-layout-constrained\">\n  <div>\n            <div class=\"row gx-4 gy-4 \">\n          \n\n<div id=\"block-27\" class=\"col wp-block-yellowtree-column col-12 d-flex flex-column with-streched-height-children align-items-stretch align-items-md-stretch\">\n  <\/div>\n        <\/div>\n          <\/div>\n<\/div>\n\n<h3 id=\"block-29\" class=\"h3 text-start\">\n  Comment faisons-nous partie de cette histoire ?<\/h3>\n\n<p id=\"block-30\" class=\"text-start wp-block-paragraph\">\n  J\u00e9sus-Christ appelle chacun \u00e0 vivre pleinement pour lui et avec lui.<br>Lorsque nous accueillons son pardon et lui confions notre vie, nous devenons des \u00eatres nouveaux par sa gr\u00e2ce.<br>Nous confessons ce salut dans le bapt\u00eame et le c\u00e9l\u00e9brons dans la Sainte-C\u00e8ne.<br>Dieu nous appelle \u00e0 l\u2019aimer et \u00e0 aimer notre prochain, afin d\u2019avoir un impact positif autour de nous.<br>Le Saint-Esprit nous aide et nous guide dans cela. Il nous parle \u00e0 travers la Bible et nous donne une direction pour notre vie.<br>Cela transforme notre propre vie, nos familles, nos amiti\u00e9s, nos villes et nos nations.<br>En tant qu\u2019\u00c9glise, nous nous r\u00e9unissons dans nos Celebrations et nos Small Groups pour adorer Dieu, faire l\u2019exp\u00e9rience de sa pr\u00e9sence et grandir dans la foi.<br>Nous invitons chacun \u00e0 faire partie de son histoire.<\/p>\n\n<div id=\"block-32\" class=\"pt-2 pb-2 alignfull is-layout-constrained\">\n  <div>\n            <div class=\"row gx-4 gy-4 \">\n          \n\n<div id=\"block-31\" class=\"col wp-block-yellowtree-column col-12 d-flex flex-column with-streched-height-children align-items-stretch align-items-md-stretch\">\n  <\/div>\n        <\/div>\n          <\/div>\n<\/div>\n\n<h3 id=\"block-33\" class=\"h3 text-start\">\n  Quel est le but de cette histoire ?<\/h3>\n\n<p id=\"block-34\" class=\"text-start wp-block-paragraph\">\n  L\u2019histoire de Dieu n\u2019est pas encore termin\u00e9e : apr\u00e8s sa r\u00e9surrection, J\u00e9sus-Christ est retourn\u00e9 aupr\u00e8s de son P\u00e8re dans le ciel.<br>De l\u00e0, il reviendra pour \u00e9tablir son r\u00e8gne \u00e9ternel de paix.<br>Alors Dieu ressuscitera les morts, et chaque \u00eatre humain devra r\u00e9pondre devant lui.<br>Tous ceux qui croient en J\u00e9sus seront avec Dieu pour l\u2019\u00e9ternit\u00e9.<br>Dieu essuiera toute larme de leurs yeux, et il n\u2019y aura plus ni douleur, ni souffrance, ni mort.<\/p>","protected":false},"excerpt":{"rendered":"<p>En tant qu\u2019, nous faisons partie de l\u2019\u00c9glise chr\u00e9tienne mondiale et partageons avec elle le Credo des Ap\u00f4tres. Nous nous appuyons \u00e9galement sur l\u2019Engagement de Lausanne. Qui est Dieu ? Dieu est \u00e9ternel et tout-puissant. Il n\u2019a pas \u00e9t\u00e9 cr\u00e9\u00e9, mais il est l\u2019origine de l\u2019espace, du temps et de toute vie.Et bien qu\u2019il n\u2019y [&hellip;]<\/p>\n","protected":false},"author":162,"featured_media":0,"comment_status":"closed","ping_status":"closed","sticky":false,"template":"","format":"standard","meta":{"_acf_changed":false,"_seopress_titles_title":"","_seopress_titles_desc":"","_seopress_robots_index":"","_seopress_robots_follow":"","_seopress_robots_imageindex":"","_seopress_robots_snippet":"","_seopress_robots_primary_cat":"none","_seopress_robots_breadcrumbs":"","_seopress_robots_freeze_modified_date":"","_seopress_robots_custom_modified_date":"","_seopress_robots_canonical":"","_seopress_social_fb_title":"","_seopress_social_fb_desc":"","_seopress_social_fb_img":"","_seopress_social_fb_img_attachment_id":0,"_seopress_social_fb_img_width":0,"_seopress_social_fb_img_height":0,"_seopress_social_twitter_title":"","_seopress_social_twitter_desc":"","_seopress_social_twitter_img":"","_seopress_social_twitter_img_attachment_id":0,"_seopress_social_twitter_img_width":0,"_seopress_social_twitter_img_height":0,"_seopress_redirections_value":"","_seopress_redirections_enabled":"","_seopress_redirections_enabled_regex":"","_seopress_redirections_logged_status":"both","_seopress_redirections_param":"","_seopress_redirections_type":301,"_seopress_analysis_target_kw":"","_seopress_news_disabled":"","_seopress_video_disabled":"","_seopress_video":[{"url":"","title":"","desc":"","thumbnail":"","duration":"","rating":"","view_count":"","tag":""}],"_seopress_pro_schemas_manual":[],"_seopress_pro_rich_snippets_disable_all":"","_seopress_pro_rich_snippets_disable":[],"_seopress_pro_schemas":[],"yt_custom_styles_scss":"","yt_custom_styles_rounded_corners":false,"yt_custom_styles_color_scheme":"","footnotes":""},"categories":[16],"tags":[],"class_list":["post-1549","post","type-post","status-publish","format-standard","hentry","category-non-categorise"],"acf":[],"_links":{"self":[{"href":"https:\/\/icf.church\/geneve\/fr\/wp-json\/wp\/v2\/posts\/1549","targetHints":{"allow":["GET"]}}],"collection":[{"href":"https:\/\/icf.church\/geneve\/fr\/wp-json\/wp\/v2\/posts"}],"about":[{"href":"https:\/\/icf.church\/geneve\/fr\/wp-json\/wp\/v2\/types\/post"}],"author":[{"embeddable":true,"href":"https:\/\/icf.church\/geneve\/fr\/wp-json\/wp\/v2\/users\/162"}],"replies":[{"embeddable":true,"href":"https:\/\/icf.church\/geneve\/fr\/wp-json\/wp\/v2\/comments?post=1549"}],"version-history":[{"count":1,"href":"https:\/\/icf.church\/geneve\/fr\/wp-json\/wp\/v2\/posts\/1549\/revisions"}],"predecessor-version":[{"id":1552,"href":"https:\/\/icf.church\/geneve\/fr\/wp-json\/wp\/v2\/posts\/1549\/revisions\/1552"}],"wp:attachment":[{"href":"https:\/\/icf.church\/geneve\/fr\/wp-json\/wp\/v2\/media?parent=1549"}],"wp:term":[{"taxonomy":"category","embeddable":true,"href":"https:\/\/icf.church\/geneve\/fr\/wp-json\/wp\/v2\/categories?post=1549"},{"taxonomy":"post_tag","embeddable":true,"href":"https:\/\/icf.church\/geneve\/fr\/wp-json\/wp\/v2\/tags?post=1549"}],"curies":[{"name":"wp","href":"https:\/\/api.w.org\/{rel}","templated":true}]}}